{"id":2597,"date":"2024-08-27T15:47:02","date_gmt":"2024-08-27T12:47:02","guid":{"rendered":"https:\/\/www.kaderalicayir.com.tr\/?p=2597"},"modified":"2024-08-27T16:05:34","modified_gmt":"2024-08-27T13:05:34","slug":"haseki-hurrem-sultan-osmanli-sarayinda-bir-guc-ve-etki-sembolu","status":"publish","type":"post","link":"https:\/\/www.kaderalicayir.com.tr\/index.php\/2024\/08\/27\/haseki-hurrem-sultan-osmanli-sarayinda-bir-guc-ve-etki-sembolu\/","title":{"rendered":"Haseki H\u00fcrrem Sultan: Osmanl\u0131 Saray\u0131nda Bir G\u00fc\u00e7 ve Etki Sembol\u00fc"},"content":{"rendered":"<h3 class=\"wp-block-heading\"><\/h3><blockquote class=\"wp-block-quote is-layout-flow wp-block-quote-is-layout-flow\"><div class=\"wp-block-group is-vertical is-layout-flex wp-container-core-group-is-layout-8cf370e7 wp-block-group-is-layout-flex\"><p>Sitanbul\u2019um Karaman\u2019um diy\u0101r-\u0131 milket-i R\u016bm\u2019um <\/p>\n\n<p>Beda\u1e2b\u015f\u0101n\u2019um u \u1e32\u0131fca\u0121\u2019um \u1e2aor\u0101s\u0101n\u2019um u Ba\u0121d\u0101d\u2019um <\/p>\n\n<p>Sa\u00e7\u0131 d\u0101rum ka\u015f\u0131 yayum g\u00f6zi p\u00fcr-fitne b\u012bm\u0101rum <\/p>\n\n<p>\u00d6l\u00fcrsem boynu\u00f1a kanum meded hey n\u0101-m\u00fcselm\u0101num<\/p>\n\n<p>&#8211; Kanuni Sultan S\u00fcleyman<\/p><\/div><\/blockquote><p>Pargal\u0131 \u0130brahim Pa\u015fa videomuz 100 bin izlenmeyi ge\u00e7tikten sonra, bir\u00e7ok izleyicimizden H\u00fcrrem Sultan hakk\u0131nda da sorular ald\u0131k. Tarihe y\u00f6n veren bu g\u00fc\u00e7l\u00fc kad\u0131n, sadece Osmanl\u0131 \u0130mparatorlu\u011fu&#8217;nda de\u011fil, t\u00fcm d\u00fcnyada b\u00fcy\u00fck bir merak uyand\u0131rm\u0131\u015ft\u0131r. Hakk\u0131nda say\u0131s\u0131z kitap, dizi, film ve tiyatro eseri \u00fcretilen H\u00fcrrem Sultan\u2019\u0131n hikayesi, Osmanl\u0131 saray\u0131n\u0131n en \u00e7arp\u0131c\u0131 d\u00f6nemlerinden birine \u0131\u015f\u0131k tutuyor.<\/p><p>Bu yaz\u0131da, H\u00fcrrem Sultan\u2019\u0131n bilinmeyen y\u00f6nlerini, saraydaki etkisini ve onun etraf\u0131nda \u015fekillenen efsaneleri ele alaca\u011f\u0131z.<\/p><h4 class=\"wp-block-heading\">H\u00fcrrem Sultan&#8217;\u0131n K\u00f6kenleri ve Saraya Giri\u015fi<\/h4><p>H\u00fcrrem Sultan\u2019\u0131n saraya giri\u015fi, gen\u00e7lik d\u00f6nemi hakk\u0131nda kesin bilgi olmamas\u0131 nedeniyle olduk\u00e7a gizemlidir. Birka\u00e7 kaynak, onun Tatar ak\u0131nc\u0131lar taraf\u0131ndan ka\u00e7\u0131r\u0131ld\u0131\u011f\u0131n\u0131 iddia ederken, ba\u015fka kaynaklar do\u011fdu\u011fu yer konusunda da farkl\u0131 iddialar \u00f6ne s\u00fcrm\u00fc\u015ft\u00fcr. H\u00fcrrem Sultan\u2019\u0131n Rus, Litvanyal\u0131, Ukraynal\u0131, Polonyal\u0131, Leh, hatta Frans\u0131z ya da \u00c7erkez k\u00f6kenli oldu\u011funa dair bir\u00e7ok teori bulunmaktad\u0131r. Ancak, Venedik el\u00e7ilerinin raporlar\u0131nda ona Rus denilmesi, bu Rus tan\u0131m\u0131n\u0131n bug\u00fcn bildi\u011fimiz anlam\u0131yla de\u011fil, Osmanl\u0131&#8217;n\u0131n Moskof dedi\u011fi b\u00f6lgeden geldi\u011fine i\u015faret eder.<\/p><p>H\u00fcrrem\u2019in gen\u00e7 ya\u015flarda saraya k\u00f6le olarak al\u0131nd\u0131\u011f\u0131 bilinir. S\u00fcrekli g\u00fcle\u00e7 bir tavr\u0131 oldu\u011fu i\u00e7in ona \u201cH\u00fcrrem\u201d ad\u0131 verilmi\u015ftir. Osmanl\u0131\u2019da k\u00f6lelere \u00f6zelliklerine g\u00f6re isimler verilirdi; H\u00fcrrem de bu isimlendirme gelene\u011finin bir par\u00e7as\u0131d\u0131r.<\/p><h4 class=\"wp-block-heading\">Osmanl\u0131 Saray\u0131nda Cariye Sistemi ve H\u00fcrrem&#8217;in Y\u00fckseli\u015fi<\/h4><p>H\u00fcrrem Sultan, Osmanl\u0131 saray\u0131nda k\u00f6lelikten Haseki Sultanl\u0131\u011fa y\u00fckselmi\u015ftir. Osmanl\u0131\u2019da k\u00f6lelik, \u0130slam hukuku \u00e7er\u00e7evesinde ele al\u0131n\u0131r ve bir k\u00f6lenin efendisinden \u00e7ocu\u011fu olursa, bu k\u00f6le h\u00fcr say\u0131l\u0131rd\u0131. Bu durum, H\u00fcrrem Sultan i\u00e7in de ge\u00e7erlidir. Sarayda ilk erkek evlad\u0131 olan \u015eehzade Mustafa\u2019y\u0131 d\u00fcnyaya getiren Mahidevran Sultan\u2019\u0131n ard\u0131ndan, H\u00fcrrem de Kanuni Sultan S\u00fcleyman\u2019dan 6 \u00e7ocuk do\u011furmu\u015f ve bu s\u00fcre\u00e7te saraydaki g\u00fcc\u00fcn\u00fc artt\u0131rm\u0131\u015ft\u0131r.<\/p><h4 class=\"wp-block-heading\">Sarayda Harem Hayat\u0131 ve H\u00fcrrem\u2019in Stratejileri<\/h4><p>Harem, Osmanl\u0131 saray\u0131nda bir hizmet ve y\u00f6netim alan\u0131d\u0131r, ancak halk aras\u0131nda ve yabanc\u0131 kaynaklarda \u015faa\u015fal\u0131, entrika dolu bir yer olarak an\u0131l\u0131r. Haremde padi\u015fah\u0131n yan\u0131na sunulacak cariyeleri Valide Sultan se\u00e7erdi. H\u00fcrrem, bu s\u00fcre\u00e7te kendine yer edinmi\u015f ve Kanuni\u2019nin ilgisini \u00e7ekmi\u015ftir. Mahidevran Sultan ile ya\u015fad\u0131\u011f\u0131 gerginlikler, H\u00fcrrem\u2019in saraydaki y\u00fckseli\u015fine engel olamam\u0131\u015ft\u0131r.<\/p><p>Kanuni Sultan S\u00fcleyman, Osmanl\u0131 gelene\u011finde g\u00f6r\u00fclmemi\u015f bir \u015fekilde, H\u00fcrrem\u2019i b\u00fcy\u00fck bir t\u00f6renle nikah\u0131na alm\u0131\u015f ve onu resmen han\u0131m sultan yapm\u0131\u015ft\u0131r. Bu olay, halk aras\u0131nda H\u00fcrrem\u2019e kar\u015f\u0131 bir tepki olu\u015fturmu\u015f ve bir\u00e7ok s\u00f6ylentinin yay\u0131lmas\u0131na yol a\u00e7m\u0131\u015ft\u0131r.<\/p><h4 class=\"wp-block-heading\">H\u00fcrrem Sultan\u2019\u0131n Siyasi Etkisi<\/h4><p>H\u00fcrrem Sultan, sadece saray i\u00e7inde de\u011fil, d\u0131\u015f politikada da etkili olmu\u015ftur. Yabanc\u0131 \u00fclkelere yazd\u0131\u011f\u0131 mektuplar, Osmanl\u0131 \u0130mparatorlu\u011fu\u2019nun d\u0131\u015f politikas\u0131nda \u00f6nemli bir yer tutmu\u015ftur. Padi\u015fah ile olan derin ba\u011f\u0131, onun devlet i\u015flerinde de s\u00f6z sahibi olmas\u0131n\u0131 sa\u011flam\u0131\u015ft\u0131r. Bununla birlikte, Pargal\u0131 \u0130brahim Pa\u015fa\u2019n\u0131n ve \u015eehzade Mustafa\u2019n\u0131n idamlar\u0131yla ilgili olarak H\u00fcrrem\u2019in ad\u0131 an\u0131lm\u0131\u015ft\u0131r. Ancak, bu iddialar kesin bir belgeyle desteklenmedi\u011fi i\u00e7in sadece s\u00f6ylenti olarak kalm\u0131\u015ft\u0131r.<\/p><h4 class=\"wp-block-heading\">H\u00fcrrem Sultan\u2019\u0131n Son Y\u0131llar\u0131 ve Miras\u0131<\/h4><p>H\u00fcrrem Sultan, hayat\u0131n\u0131n son y\u0131llar\u0131nda \u00e7e\u015fitli hastal\u0131klarla m\u00fccadele etmi\u015ftir. 15 Nisan 1558 tarihinde vefat eden H\u00fcrrem Sultan, S\u00fcleymaniye Camii\u2019ne defnedilmi\u015f ve t\u00fcrbesi Mimar Sinan taraf\u0131ndan in\u015fa edilmi\u015ftir. H\u00fcrrem Sultan, ard\u0131nda bir\u00e7ok vak\u0131f eseri ve derin bir etki b\u0131rakarak Osmanl\u0131 tarihine damgas\u0131n\u0131 vurmu\u015ftur.<\/p><p>Haseki H\u00fcrrem Sultan\u2019\u0131n hayat\u0131, Osmanl\u0131 \u0130mparatorlu\u011fu\u2019nun en \u00e7alkant\u0131l\u0131 d\u00f6nemlerinden birine tan\u0131kl\u0131k eder. Onun etkisi, sadece Osmanl\u0131 s\u0131n\u0131rlar\u0131 i\u00e7inde kalmam\u0131\u015f, d\u00fcnya tarihine de yans\u0131m\u0131\u015ft\u0131r. H\u00fcrrem Sultan, sadece bir cariye de\u011fil, ayn\u0131 zamanda devletin bekas\u0131 i\u00e7in \u00e7al\u0131\u015fan ve sarayda g\u00fc\u00e7l\u00fc bir rol \u00fcstlenen bir kad\u0131nd\u0131. Devam\u0131 videoda. <\/p><figure class=\"wp-block-embed aligncenter is-type-video is-provider-youtube wp-block-embed-youtube wp-embed-aspect-16-9 wp-has-aspect-ratio\"><div class=\"wp-block-embed__wrapper\">\n<div class=\"jetpack-video-wrapper\"><iframe title=\"H\u00dcRREM SULTAN&#039;IN HAYATI | Y\u00f6netenler #4\" width=\"900\" height=\"506\" src=\"https:\/\/www.youtube.com\/embed\/kYpSD3xZuPY?feature=oembed\" frameborder=\"0\" allow=\"accelerometer; autoplay; clipboard-write; encrypted-media; gyroscope; picture-in-picture; web-share\" referrerpolicy=\"strict-origin-when-cross-origin\" allowfullscreen><\/iframe><\/div>\n<\/div><\/figure><h4 class=\"wp-block-heading\"><em>Kaynak\u00e7a<\/em><\/h4><ol class=\"wp-block-list\"><li><strong>\u0130slam Ansiklopedisi<\/strong> &#8211; &#8220;H\u00fcrrem Sultan&#8221; maddesi, T\u00fcrkiye Diyanet Vakf\u0131 \u0130slam Ara\u015ft\u0131rmalar\u0131 Merkezi (\u0130SAM) taraf\u0131ndan haz\u0131rlanm\u0131\u015f kapsaml\u0131 bilgiler sunmaktad\u0131r.<\/li>\n\n<li><strong>Uzun\u00e7ar\u015f\u0131l\u0131, \u0130smail Hakk\u0131<\/strong> &#8211; Osmanl\u0131 Hanedan\u0131 \u00dcst\u00fcne \u0130ncelemeler<\/li>\n\n<li><strong>Haseki Sultan Vakfiyesi<\/strong> &#8211; S\u00fcleymaniye Ktp., Esad Efendi, nr. 3752.<\/li>\n\n<li><strong>Ahmed Refik [Alt\u0131nay]<\/strong> &#8211;\u00a0<em>Kad\u0131nlar Saltanat\u0131<\/em>, \u0130stanbul 1332, I, 50 vd.<\/li><\/ol><p>Bu kaynaklar, H\u00fcrrem Sultan\u2019\u0131n ya\u015fam\u0131n\u0131 ve Osmanl\u0131 saray\u0131ndaki etkisini anlamak i\u00e7in ba\u015fvurdu\u011fumuz temel eserler aras\u0131nda yer al\u0131r. H\u00fcrrem Sultan hakk\u0131nda daha fazla bilgi edinmek i\u00e7in bu eserleri incelemenizi \u00f6neririm.<\/p>","protected":false},"excerpt":{"rendered":"<p>Pargal\u0131 \u0130brahim Pa\u015fa videomuz 100 bin izlenmeyi ge\u00e7tikten sonra, bir\u00e7ok izleyicimizden H\u00fcrrem Sultan hakk\u0131nda da sorular ald\u0131k. Tarihe y\u00f6n veren&#8230; <\/p>\n<div class=\"readmore\"><a href=\"https:\/\/www.kaderalicayir.com.tr\/index.php\/2024\/08\/27\/haseki-hurrem-sultan-osmanli-sarayinda-bir-guc-ve-etki-sembolu\/\" class=\"lnk\">Read more<\/a><\/div>\n","protected":false},"author":1,"featured_media":2598,"comment_status":"open","ping_status":"open","sticky":false,"template":"","format":"standard","meta":{"_monsterinsights_skip_tracking":false,"_monsterinsights_sitenote_active":false,"_monsterinsights_sitenote_note":"","_monsterinsights_sitenote_category":0,"_jetpack_memberships_contains_paid_content":false,"footnotes":""},"categories":[1],"tags":[],"class_list":["post-2597","post","type-post","status-publish","format-standard","has-post-thumbnail","hentry","category-genel"],"acf":[],"aioseo_notices":[],"jetpack_sharing_enabled":true,"jetpack_featured_media_url":"https:\/\/www.kaderalicayir.com.tr\/wp-content\/uploads\/2024\/08\/hurrem-sultan-osmanli-imparatorlugu-tarihinde-onemli-bir-sultandir-688.jpg","_links":{"self":[{"href":"https:\/\/www.kaderalicayir.com.tr\/index.php\/wp-json\/wp\/v2\/posts\/2597","targetHints":{"allow":["GET"]}}],"collection":[{"href":"https:\/\/www.kaderalicayir.com.tr\/index.php\/wp-json\/wp\/v2\/posts"}],"about":[{"href":"https:\/\/www.kaderalicayir.com.tr\/index.php\/wp-json\/wp\/v2\/types\/post"}],"author":[{"embeddable":true,"href":"https:\/\/www.kaderalicayir.com.tr\/index.php\/wp-json\/wp\/v2\/users\/1"}],"replies":[{"embeddable":true,"href":"https:\/\/www.kaderalicayir.com.tr\/index.php\/wp-json\/wp\/v2\/comments?post=2597"}],"version-history":[{"count":6,"href":"https:\/\/www.kaderalicayir.com.tr\/index.php\/wp-json\/wp\/v2\/posts\/2597\/revisions"}],"predecessor-version":[{"id":2607,"href":"https:\/\/www.kaderalicayir.com.tr\/index.php\/wp-json\/wp\/v2\/posts\/2597\/revisions\/2607"}],"wp:featuredmedia":[{"embeddable":true,"href":"https:\/\/www.kaderalicayir.com.tr\/index.php\/wp-json\/wp\/v2\/media\/2598"}],"wp:attachment":[{"href":"https:\/\/www.kaderalicayir.com.tr\/index.php\/wp-json\/wp\/v2\/media?parent=2597"}],"wp:term":[{"taxonomy":"category","embeddable":true,"href":"https:\/\/www.kaderalicayir.com.tr\/index.php\/wp-json\/wp\/v2\/categories?post=2597"},{"taxonomy":"post_tag","embeddable":true,"href":"https:\/\/www.kaderalicayir.com.tr\/index.php\/wp-json\/wp\/v2\/tags?post=2597"}],"curies":[{"name":"wp","href":"https:\/\/api.w.org\/{rel}","templated":true}]}}